{"id":2716,"date":"2017-08-17T13:05:09","date_gmt":"2017-08-17T13:05:09","guid":{"rendered":"https:\/\/www.casaalvicolo.it\/falesie\/"},"modified":"2023-11-28T13:44:39","modified_gmt":"2023-11-28T13:44:39","slug":"falesie","status":"publish","type":"post","link":"https:\/\/www.casaalvicolo.it\/de\/falesie\/","title":{"rendered":"PARCO ARCIDUCALE ARBORETO"},"content":{"rendered":"<p>[vc_row][vc_column width=&#8220;1\/2&#8243;][vc_column_text]Der Arciducale Park ist ein Arboretum, das urspr\u00fcnglich Teil der Gr\u00fcnfl\u00e4che war, die an die gro\u00dfe Villa angeschlossen war, die der Erzherzog Albert von Habsburg um 1872 errichtete, um die Wintermonate in Arco zu verbringen. Das Arboretum bewahrt noch einige vom Erzherzog gepflanzte Arten, wie die majest\u00e4tischen Steineichen und gro\u00dfe Exemplare von Nadelb\u00e4umen, darunter Lawsons Zypresse und der riesige Mammutbaum.[\/vc_column_text][\/vc_column][vc_column width=&#8220;1\/2&#8243;][\/vc_column][\/vc_row]<\/p>\n","protected":false},"excerpt":{"rendered":"<p>Der Arciducale Park ist ein Arboretum, das urspr\u00fcnglich Teil der Gr\u00fcnfl\u00e4che war, die an die gro\u00dfe Villa angeschlossen war, die der Erzherzog Albert von Habsburg um 1872 errichtete, um die Wintermonate in Arco zu verbringen. Das Arboretum bewahrt noch einige vom Erzherzog gepflanzte Arten, wie die majest\u00e4tischen Steineichen und gro\u00dfe Exemplare von Nadelb\u00e4umen, darunter Lawsons Zypresse und der riesige Mammutbaum.<\/p>\n","protected":false},"author":1,"featured_media":2704,"comment_status":"closed","ping_status":"closed","sticky":false,"template":"","format":"standard","meta":{"footnotes":""},"categories":[34],"tags":[],"class_list":["post-2716","post","type-post","status-publish","format-standard","has-post-thumbnail","hentry","category-outdoor-de"],"yoast_head":"<!-- This site is optimized with the Yoast SEO plugin v27.5 - https:\/\/yoast.com\/product\/yoast-seo-wordpress\/ -->\n<title>PARCO ARCIDUCALE ARBORETO - Casa Al Vicolo<\/title>\n<meta name=\"robots\" content=\"index, follow, max-snippet:-1, max-image-preview:large, max-video-preview:-1\" \/>\n<link rel=\"canonical\" href=\"https:\/\/www.casaalvicolo.it\/de\/falesie\/\" \/>\n<meta property=\"og:locale\" content=\"de_DE\" \/>\n<meta property=\"og:type\" content=\"article\" \/>\n<meta property=\"og:title\" content=\"PARCO ARCIDUCALE ARBORETO - Casa Al Vicolo\" \/>\n<meta property=\"og:description\" content=\"Der Arciducale Park ist ein Arboretum, das urspr\u00fcnglich Teil der Gr\u00fcnfl\u00e4che war, die an die gro\u00dfe Villa angeschlossen war, die der Erzherzog Albert von Habsburg um 1872 errichtete, um die Wintermonate in Arco zu verbringen. Das Arboretum bewahrt noch einige vom Erzherzog gepflanzte Arten, wie die majest\u00e4tischen Steineichen und gro\u00dfe Exemplare von Nadelb\u00e4umen, darunter Lawsons Zypresse und der riesige Mammutbaum.\" \/>\n<meta property=\"og:url\" content=\"https:\/\/www.casaalvicolo.it\/de\/falesie\/\" \/>\n<meta property=\"og:site_name\" content=\"Casa Al Vicolo\" \/>\n<meta property=\"article:published_time\" content=\"2017-08-17T13:05:09+00:00\" \/>\n<meta property=\"article:modified_time\" content=\"2023-11-28T13:44:39+00:00\" \/>\n<meta property=\"og:image\" content=\"https:\/\/www.casaalvicolo.it\/wp-content\/uploads\/2017\/08\/Parco_Arciducale_Arboretum_Arco_Lago_di_Garda.jpg\" \/>\n\t<meta property=\"og:image:width\" content=\"1200\" \/>\n\t<meta property=\"og:image:height\" content=\"800\" \/>\n\t<meta property=\"og:image:type\" content=\"image\/jpeg\" \/>\n<meta name=\"author\" content=\"admin\" \/>\n<meta name=\"twitter:card\" content=\"summary_large_image\" \/>\n<meta name=\"twitter:label1\" content=\"Verfasst von\" \/>\n\t<meta name=\"twitter:data1\" content=\"admin\" \/>\n\t<meta name=\"twitter:label2\" content=\"Gesch\u00e4tzte Lesezeit\" \/>\n\t<meta name=\"twitter:data2\" content=\"1\u00a0Minute\" \/>\n<script type=\"application\/ld+json\" class=\"yoast-schema-graph\">{\"@context\":\"https:\\\/\\\/schema.org\",\"@graph\":[{\"@type\":\"Article\",\"@id\":\"https:\\\/\\\/www.casaalvicolo.it\\\/de\\\/falesie\\\/#article\",\"isPartOf\":{\"@id\":\"https:\\\/\\\/www.casaalvicolo.it\\\/de\\\/falesie\\\/\"},\"author\":{\"name\":\"admin\",\"@id\":\"https:\\\/\\\/www.casaalvicolo.it\\\/#\\\/schema\\\/person\\\/da5abed4b1e8dc1ed0fc8e8aea26b510\"},\"headline\":\"PARCO ARCIDUCALE ARBORETO\",\"datePublished\":\"2017-08-17T13:05:09+00:00\",\"dateModified\":\"2023-11-28T13:44:39+00:00\",\"mainEntityOfPage\":{\"@id\":\"https:\\\/\\\/www.casaalvicolo.it\\\/de\\\/falesie\\\/\"},\"wordCount\":89,\"image\":{\"@id\":\"https:\\\/\\\/www.casaalvicolo.it\\\/de\\\/falesie\\\/#primaryimage\"},\"thumbnailUrl\":\"https:\\\/\\\/www.casaalvicolo.it\\\/wp-content\\\/uploads\\\/2017\\\/08\\\/Parco_Arciducale_Arboretum_Arco_Lago_di_Garda.jpg\",\"articleSection\":[\"Outdoor\"],\"inLanguage\":\"de\"},{\"@type\":\"WebPage\",\"@id\":\"https:\\\/\\\/www.casaalvicolo.it\\\/de\\\/falesie\\\/\",\"url\":\"https:\\\/\\\/www.casaalvicolo.it\\\/de\\\/falesie\\\/\",\"name\":\"PARCO ARCIDUCALE ARBORETO - Casa Al Vicolo\",\"isPartOf\":{\"@id\":\"https:\\\/\\\/www.casaalvicolo.it\\\/#website\"},\"primaryImageOfPage\":{\"@id\":\"https:\\\/\\\/www.casaalvicolo.it\\\/de\\\/falesie\\\/#primaryimage\"},\"image\":{\"@id\":\"https:\\\/\\\/www.casaalvicolo.it\\\/de\\\/falesie\\\/#primaryimage\"},\"thumbnailUrl\":\"https:\\\/\\\/www.casaalvicolo.it\\\/wp-content\\\/uploads\\\/2017\\\/08\\\/Parco_Arciducale_Arboretum_Arco_Lago_di_Garda.jpg\",\"datePublished\":\"2017-08-17T13:05:09+00:00\",\"dateModified\":\"2023-11-28T13:44:39+00:00\",\"author\":{\"@id\":\"https:\\\/\\\/www.casaalvicolo.it\\\/#\\\/schema\\\/person\\\/da5abed4b1e8dc1ed0fc8e8aea26b510\"},\"breadcrumb\":{\"@id\":\"https:\\\/\\\/www.casaalvicolo.it\\\/de\\\/falesie\\\/#breadcrumb\"},\"inLanguage\":\"de\",\"potentialAction\":[{\"@type\":\"ReadAction\",\"target\":[\"https:\\\/\\\/www.casaalvicolo.it\\\/de\\\/falesie\\\/\"]}]},{\"@type\":\"ImageObject\",\"inLanguage\":\"de\",\"@id\":\"https:\\\/\\\/www.casaalvicolo.it\\\/de\\\/falesie\\\/#primaryimage\",\"url\":\"https:\\\/\\\/www.casaalvicolo.it\\\/wp-content\\\/uploads\\\/2017\\\/08\\\/Parco_Arciducale_Arboretum_Arco_Lago_di_Garda.jpg\",\"contentUrl\":\"https:\\\/\\\/www.casaalvicolo.it\\\/wp-content\\\/uploads\\\/2017\\\/08\\\/Parco_Arciducale_Arboretum_Arco_Lago_di_Garda.jpg\",\"width\":1200,\"height\":800},{\"@type\":\"BreadcrumbList\",\"@id\":\"https:\\\/\\\/www.casaalvicolo.it\\\/de\\\/falesie\\\/#breadcrumb\",\"itemListElement\":[{\"@type\":\"ListItem\",\"position\":1,\"name\":\"Home\",\"item\":\"https:\\\/\\\/www.casaalvicolo.it\\\/de\\\/\"},{\"@type\":\"ListItem\",\"position\":2,\"name\":\"PARCO ARCIDUCALE ARBORETO\"}]},{\"@type\":\"WebSite\",\"@id\":\"https:\\\/\\\/www.casaalvicolo.it\\\/#website\",\"url\":\"https:\\\/\\\/www.casaalvicolo.it\\\/\",\"name\":\"Casa Al Vicolo\",\"description\":\"\",\"potentialAction\":[{\"@type\":\"SearchAction\",\"target\":{\"@type\":\"EntryPoint\",\"urlTemplate\":\"https:\\\/\\\/www.casaalvicolo.it\\\/?s={search_term_string}\"},\"query-input\":{\"@type\":\"PropertyValueSpecification\",\"valueRequired\":true,\"valueName\":\"search_term_string\"}}],\"inLanguage\":\"de\"},{\"@type\":\"Person\",\"@id\":\"https:\\\/\\\/www.casaalvicolo.it\\\/#\\\/schema\\\/person\\\/da5abed4b1e8dc1ed0fc8e8aea26b510\",\"name\":\"admin\",\"image\":{\"@type\":\"ImageObject\",\"inLanguage\":\"de\",\"@id\":\"https:\\\/\\\/secure.gravatar.com\\\/avatar\\\/cf69bb3493441b15194abee8f69e197561e8517e77c3203ed2e577d50a69be16?s=96&d=mm&r=g\",\"url\":\"https:\\\/\\\/secure.gravatar.com\\\/avatar\\\/cf69bb3493441b15194abee8f69e197561e8517e77c3203ed2e577d50a69be16?s=96&d=mm&r=g\",\"contentUrl\":\"https:\\\/\\\/secure.gravatar.com\\\/avatar\\\/cf69bb3493441b15194abee8f69e197561e8517e77c3203ed2e577d50a69be16?s=96&d=mm&r=g\",\"caption\":\"admin\"},\"sameAs\":[\"https:\\\/\\\/www.casaalvicolo.it\"],\"url\":\"https:\\\/\\\/www.casaalvicolo.it\\\/de\\\/author\\\/assistenza_mbign1jv\\\/\"}]}<\/script>\n<!-- \/ Yoast SEO plugin. -->","yoast_head_json":{"title":"PARCO ARCIDUCALE ARBORETO - Casa Al Vicolo","robots":{"index":"index","follow":"follow","max-snippet":"max-snippet:-1","max-image-preview":"max-image-preview:large","max-video-preview":"max-video-preview:-1"},"canonical":"https:\/\/www.casaalvicolo.it\/de\/falesie\/","og_locale":"de_DE","og_type":"article","og_title":"PARCO ARCIDUCALE ARBORETO - Casa Al Vicolo","og_description":"Der Arciducale Park ist ein Arboretum, das urspr\u00fcnglich Teil der Gr\u00fcnfl\u00e4che war, die an die gro\u00dfe Villa angeschlossen war, die der Erzherzog Albert von Habsburg um 1872 errichtete, um die Wintermonate in Arco zu verbringen. Das Arboretum bewahrt noch einige vom Erzherzog gepflanzte Arten, wie die majest\u00e4tischen Steineichen und gro\u00dfe Exemplare von Nadelb\u00e4umen, darunter Lawsons Zypresse und der riesige Mammutbaum.","og_url":"https:\/\/www.casaalvicolo.it\/de\/falesie\/","og_site_name":"Casa Al Vicolo","article_published_time":"2017-08-17T13:05:09+00:00","article_modified_time":"2023-11-28T13:44:39+00:00","og_image":[{"width":1200,"height":800,"url":"https:\/\/www.casaalvicolo.it\/wp-content\/uploads\/2017\/08\/Parco_Arciducale_Arboretum_Arco_Lago_di_Garda.jpg","type":"image\/jpeg"}],"author":"admin","twitter_card":"summary_large_image","twitter_misc":{"Verfasst von":"admin","Gesch\u00e4tzte Lesezeit":"1\u00a0Minute"},"schema":{"@context":"https:\/\/schema.org","@graph":[{"@type":"Article","@id":"https:\/\/www.casaalvicolo.it\/de\/falesie\/#article","isPartOf":{"@id":"https:\/\/www.casaalvicolo.it\/de\/falesie\/"},"author":{"name":"admin","@id":"https:\/\/www.casaalvicolo.it\/#\/schema\/person\/da5abed4b1e8dc1ed0fc8e8aea26b510"},"headline":"PARCO ARCIDUCALE ARBORETO","datePublished":"2017-08-17T13:05:09+00:00","dateModified":"2023-11-28T13:44:39+00:00","mainEntityOfPage":{"@id":"https:\/\/www.casaalvicolo.it\/de\/falesie\/"},"wordCount":89,"image":{"@id":"https:\/\/www.casaalvicolo.it\/de\/falesie\/#primaryimage"},"thumbnailUrl":"https:\/\/www.casaalvicolo.it\/wp-content\/uploads\/2017\/08\/Parco_Arciducale_Arboretum_Arco_Lago_di_Garda.jpg","articleSection":["Outdoor"],"inLanguage":"de"},{"@type":"WebPage","@id":"https:\/\/www.casaalvicolo.it\/de\/falesie\/","url":"https:\/\/www.casaalvicolo.it\/de\/falesie\/","name":"PARCO ARCIDUCALE ARBORETO - Casa Al Vicolo","isPartOf":{"@id":"https:\/\/www.casaalvicolo.it\/#website"},"primaryImageOfPage":{"@id":"https:\/\/www.casaalvicolo.it\/de\/falesie\/#primaryimage"},"image":{"@id":"https:\/\/www.casaalvicolo.it\/de\/falesie\/#primaryimage"},"thumbnailUrl":"https:\/\/www.casaalvicolo.it\/wp-content\/uploads\/2017\/08\/Parco_Arciducale_Arboretum_Arco_Lago_di_Garda.jpg","datePublished":"2017-08-17T13:05:09+00:00","dateModified":"2023-11-28T13:44:39+00:00","author":{"@id":"https:\/\/www.casaalvicolo.it\/#\/schema\/person\/da5abed4b1e8dc1ed0fc8e8aea26b510"},"breadcrumb":{"@id":"https:\/\/www.casaalvicolo.it\/de\/falesie\/#breadcrumb"},"inLanguage":"de","potentialAction":[{"@type":"ReadAction","target":["https:\/\/www.casaalvicolo.it\/de\/falesie\/"]}]},{"@type":"ImageObject","inLanguage":"de","@id":"https:\/\/www.casaalvicolo.it\/de\/falesie\/#primaryimage","url":"https:\/\/www.casaalvicolo.it\/wp-content\/uploads\/2017\/08\/Parco_Arciducale_Arboretum_Arco_Lago_di_Garda.jpg","contentUrl":"https:\/\/www.casaalvicolo.it\/wp-content\/uploads\/2017\/08\/Parco_Arciducale_Arboretum_Arco_Lago_di_Garda.jpg","width":1200,"height":800},{"@type":"BreadcrumbList","@id":"https:\/\/www.casaalvicolo.it\/de\/falesie\/#breadcrumb","itemListElement":[{"@type":"ListItem","position":1,"name":"Home","item":"https:\/\/www.casaalvicolo.it\/de\/"},{"@type":"ListItem","position":2,"name":"PARCO ARCIDUCALE ARBORETO"}]},{"@type":"WebSite","@id":"https:\/\/www.casaalvicolo.it\/#website","url":"https:\/\/www.casaalvicolo.it\/","name":"Casa Al Vicolo","description":"","potentialAction":[{"@type":"SearchAction","target":{"@type":"EntryPoint","urlTemplate":"https:\/\/www.casaalvicolo.it\/?s={search_term_string}"},"query-input":{"@type":"PropertyValueSpecification","valueRequired":true,"valueName":"search_term_string"}}],"inLanguage":"de"},{"@type":"Person","@id":"https:\/\/www.casaalvicolo.it\/#\/schema\/person\/da5abed4b1e8dc1ed0fc8e8aea26b510","name":"admin","image":{"@type":"ImageObject","inLanguage":"de","@id":"https:\/\/secure.gravatar.com\/avatar\/cf69bb3493441b15194abee8f69e197561e8517e77c3203ed2e577d50a69be16?s=96&d=mm&r=g","url":"https:\/\/secure.gravatar.com\/avatar\/cf69bb3493441b15194abee8f69e197561e8517e77c3203ed2e577d50a69be16?s=96&d=mm&r=g","contentUrl":"https:\/\/secure.gravatar.com\/avatar\/cf69bb3493441b15194abee8f69e197561e8517e77c3203ed2e577d50a69be16?s=96&d=mm&r=g","caption":"admin"},"sameAs":["https:\/\/www.casaalvicolo.it"],"url":"https:\/\/www.casaalvicolo.it\/de\/author\/assistenza_mbign1jv\/"}]}},"_links":{"self":[{"href":"https:\/\/www.casaalvicolo.it\/de\/wp-json\/wp\/v2\/posts\/2716","targetHints":{"allow":["GET"]}}],"collection":[{"href":"https:\/\/www.casaalvicolo.it\/de\/wp-json\/wp\/v2\/posts"}],"about":[{"href":"https:\/\/www.casaalvicolo.it\/de\/wp-json\/wp\/v2\/types\/post"}],"author":[{"embeddable":true,"href":"https:\/\/www.casaalvicolo.it\/de\/wp-json\/wp\/v2\/users\/1"}],"replies":[{"embeddable":true,"href":"https:\/\/www.casaalvicolo.it\/de\/wp-json\/wp\/v2\/comments?post=2716"}],"version-history":[{"count":3,"href":"https:\/\/www.casaalvicolo.it\/de\/wp-json\/wp\/v2\/posts\/2716\/revisions"}],"predecessor-version":[{"id":3093,"href":"https:\/\/www.casaalvicolo.it\/de\/wp-json\/wp\/v2\/posts\/2716\/revisions\/3093"}],"wp:featuredmedia":[{"embeddable":true,"href":"https:\/\/www.casaalvicolo.it\/de\/wp-json\/wp\/v2\/media\/2704"}],"wp:attachment":[{"href":"https:\/\/www.casaalvicolo.it\/de\/wp-json\/wp\/v2\/media?parent=2716"}],"wp:term":[{"taxonomy":"category","embeddable":true,"href":"https:\/\/www.casaalvicolo.it\/de\/wp-json\/wp\/v2\/categories?post=2716"},{"taxonomy":"post_tag","embeddable":true,"href":"https:\/\/www.casaalvicolo.it\/de\/wp-json\/wp\/v2\/tags?post=2716"}],"curies":[{"name":"wp","href":"https:\/\/api.w.org\/{rel}","templated":true}]}}